{"id":425,"date":"2009-07-01T15:44:50","date_gmt":"2009-07-01T13:44:50","guid":{"rendered":"http:\/\/www.animationsfilm.de\/?p=425"},"modified":"2014-05-04T16:09:28","modified_gmt":"2014-05-04T14:09:28","slug":"bericht-animationsfilmpremiere-im-arsenal","status":"publish","type":"post","link":"https:\/\/www.animationsfilm.de\/?p=425","title":{"rendered":"Bericht: Animationsfilm Premiere im Arsenal"},"content":{"rendered":"<p style=\"margin-bottom: 0cm;\">Unter dem Titel <strong>\u201eAnimation unter Verdacht\u201c<\/strong> fand am Sonntag, den 28. Juni 2009 eine Premierenveranstaltung von \u00fcberwiegend studentischen Animationsfilmen aus dem Umkreis der HFF Potsdam Babelsberg im Kino Arsenal in Berlin statt. Durch das Programm f\u00fchrte <strong>Felix Reifschneider<\/strong>. In seiner Ansprache hob er hervor, dass es sich bei den Filmen um Teampremieren handelt und die Veranstaltung dazu dient, den vielen Helfenden zu danken, die im Gegensatz zu den RegisseurInnen i.d.R. nur im Abspann pr\u00e4sent sind. Nach jedem Film nutzten die FilmemacherInnen die Gelegenheit, Anwesende ihrer Teams dazu auf die B\u00fchne zu holen.<\/p>\n<p style=\"margin-bottom: 0cm;\">Den Anfang machte das Musikvideo<strong> \u201eHello Antenna\u201c<\/strong> von <strong>Veronika Samartseva <\/strong>und<strong> Anna Samoylovitch<\/strong>. Der Film zur Musik von <strong>Susie Asado<\/strong> ist ein von Hand unter einer Kamera animierter Legetrick, der sich einer Vielzahl verschiedener Materialien bedient um erfrischende Bilder zu erzeugen.<\/p>\n<p style=\"margin-bottom: 0cm;\">Da Anne gerade einen Animations-Workshop in Polen leitete, bedankte sich Vero stellvertretend f\u00fcr beide nach dem Film bei Ihrem Team. Sie hob dabei die schwierige, aber im Nachhinein sehr richtige Entscheidung hervor, dem Musikst\u00fcck auf der Tonebene f\u00fcr den Film weitere Ger\u00e4usche hinzuzuf\u00fcgen, die die Animationen begleiten.<\/p>\n<p style=\"margin-bottom: 0cm;\"><strong><a href=\"http:\/\/www.animationblog.org\/2009\/04\/veronika-samartseva-and-anna.html\" target=\"_blank\">-&gt; Filmkritik im Blog von Ian Lumsden<\/a><\/strong><\/p>\n<p style=\"margin-bottom: 0cm;\"><a href=\"http:\/\/www.myspace.com\/susieasado\" target=\"_blank\"><strong>-&gt; Film online auf der Webseite von Susie Asado<\/strong><\/a><\/p>\n<p style=\"margin-bottom: 0cm;\">Danach folgte der \u00fcberwiegend digital erstellte Zeichentrick <strong>\u201eGermania Wurst\u201c<\/strong> von <strong>Volker Schlecht<\/strong>, der die Zuschauer provokant durch die deutsche Geschichte f\u00fchrt. Ich bin von vielen Einstellungen des Films angewidert und fasziniert zugleich. Zum wiederholten Male habe ich mich dabei ertappt, wie ich mich im Takt der Marsch-Musik bewege und drauf und dran bin, mit zu klatschen.<\/p>\n<figure id=\"attachment_430\" aria-describedby=\"caption-attachment-430\" style=\"width: 300px\" class=\"wp-caption alignnone\"><a href=\"http:\/\/www.turbotoons.de\/animationsfilm2\/wp-content\/uploads\/2009\/07\/03_germaniawurst.jpg\"><img loading=\"lazy\" decoding=\"async\" class=\"size-medium wp-image-430\" title=\"03_germaniawurst\" src=\"http:\/\/www.turbotoons.de\/animationsfilm2\/wp-content\/uploads\/2009\/07\/03_germaniawurst-300x188.jpg\" alt=\"Germania Wurst dankt.\" width=\"300\" height=\"188\" srcset=\"https:\/\/www.animationsfilm.de\/wp-content\/uploads\/2009\/07\/03_germaniawurst-300x188.jpg 300w, https:\/\/www.animationsfilm.de\/wp-content\/uploads\/2009\/07\/03_germaniawurst.jpg 600w\" sizes=\"auto, (max-width: 300px) 100vw, 300px\" \/><\/a><figcaption id=\"caption-attachment-430\" class=\"wp-caption-text\">Germania Wurst dankt.<\/figcaption><\/figure>\n<p style=\"margin-bottom: 0cm;\">Nach dem Film verlas Volker eine lange Liste mit Namen derer, die ihm beim Film inspiriert, geholfen und\/oder begleitet haben. Zur Belohnung gab es f\u00fcr alle anwesenden Team-Mitglieder eine Extra-Wurst und eine DVD des Films.<\/p>\n<p style=\"margin-bottom: 0cm;\"><a href=\"http:\/\/www.germaniawurst.com\/\" target=\"_blank\"><strong>-&gt; Webseite des Films \u201eGermania Wurst\u201c<\/strong><\/a><\/p>\n<p style=\"margin-bottom: 0cm;\">An dritter Stelle pr\u00e4sentierte <strong>Sonja Rohleder<\/strong> ihren <strong>\u201eCocoon Child\u201c<\/strong>. Der in einer Mischtechnik aus digitalen Zeichentrick, CutOut- und 3D-Computeranimation erstellte Film gibt in ruhigen, poetischen Bildern die Fantasiewelt eines autistischen Kindes wieder. Besonders faszinierend finde ich die Einstellungen, in denen sich Lichtreflexionen von Perlen im Zimmer ausbreiten und die Szenerie magisch verzaubern. Die dezent eingesetzte Musik unterst\u00fctzt das ganze entsprechend zu einem sehr stimmungsvollen Film.<\/p>\n<p style=\"margin-bottom: 0cm;\"><a href=\"http:\/\/www.sonjarohleder.de\/doku.php\/cocoon_child\" target=\"_blank\"><strong>-&gt; Webseite zum Film \u201eCocoon Child\u201c<\/strong><\/a><\/p>\n<p style=\"margin-bottom: 0cm;\">Als n\u00e4chstes konnte ich meinen Film <strong>\u201eThe Animator&#8217;s Way of Surviving the Crisis\u201c<\/strong> pr\u00e4sentieren und danach meinem Team danken. Diesmal war mein Film der leiseste des Programm, was mich etwas ge\u00e4rgert hat, zumal ich unwissend nur 3 Meter neben den Lautst\u00e4rke Reglern f\u00fcr den Saal sa\u00df. Trotzdem bekam ich nach der Veranstaltung viel positives Feedback, was mich sehr gefreut hat.<\/p>\n<p style=\"margin-bottom: 0cm;\"><strong><a href=\"http:\/\/www.animationsfilm.de\/?page_id=325\" target=\"_blank\">-&gt; Alle Infos zu meinem Film gibt es hier auf der Webseite<\/a><\/strong><\/p>\n<p style=\"margin-bottom: 0cm;\">Als f\u00fcnften Film zeigte <strong>Katharina Niedermeier<\/strong> ihr Musikvideo <strong>\u201eLied 12\u201c<\/strong> zum gleichnamigen St\u00fcck ihrer eigenen Band <strong>\u201eMarwell\u201c<\/strong>. In dem aus diversen Bildbestandteilen digital montierten und animierten Film werden die Bandmitglieder von Pin-Nadeln und Scheren bedr\u00e4ngt und zum Teil zerschnitten. Ich bin von der Qualit\u00e4t des Songs sehr angetan, die Bilder das Films unterst\u00fctzen ihn bestens.<\/p>\n<p style=\"margin-bottom: 0cm;\"><a href=\"http:\/\/www.myspace.com\/marwellberlin\" target=\"_blank\"><strong>-&gt; Infos und Songs der Band \u201eMarwell\u201c bei Myspace<\/strong><\/a><\/p>\n<p style=\"margin-bottom: 0cm;\">Den Abschluss des Filmnachmittags bestritt <strong>Gregor Dashuber<\/strong> mit seinem handgezeichneten und z. Tl. digital animierten Film <strong>\u201eNever drive a car when you&#8217;re dead\u201c<\/strong>. Der \u00e4sthetisch dem Punk zuzuordnende Film begleitet einen Pianospieler auf seinem Trauermarsch durch die Gro\u00dfstadt. Der Film ist eine Huldigung an die vielen verr\u00fcckten, verruchten und unangepassten Outsider heutiger Metropolen, wobei ich in erster Linie Berlin darin wiederfinde. Eine der sch\u00f6nsten Einstellungen f\u00fcr mich ist, wie sich eine Punkerin in ihrer Augenh\u00f6hle eine Bierflasche \u00f6ffnet.<\/p>\n<p style=\"margin-bottom: 0cm;\">Gregor hob nach dem Film hervor, dass er vielen Gestalten aus seinem Film t\u00e4glich begegnet, aber dass diese realen Menschen oft viel krasser und verr\u00fcckter sind, als er es in seiner Animation darstellen konnte.<\/p>\n<p style=\"margin-bottom: 0cm;\"><a href=\"http:\/\/thedrunkenpen.vox.com\/\" target=\"_blank\"><strong>-&gt; Infos zum Film \u201e Never drive a car when you&#8217;re dead\u201c<\/strong><\/a><\/p>\n<p style=\"margin-bottom: 0cm;\">Den gut 100 G\u00e4sten wurde ein sehr abwechslungsreiches Programm geboten, das auch die vielf\u00e4ltigen M\u00f6glichkeiten, Animation an der HFF Potsdam Babelsberg zu studieren deutlich machte. Kein Film \u00e4hnelte dem anderen, keine Technik war die selbe. Jeder Film war sowohl erz\u00e4hlerisch als auch bildgestalterisch fesselnd, auf sehr hohem Niveau umgesetzt und f\u00fcr sich einzigartig.<\/p>\n<p style=\"margin-bottom: 0cm;\">Nach der Veranstaltung trafen sich die FilmemacherInnen und einige der G\u00e4ste zu weiteren Gespr\u00e4chen in der \u201eWirtschaft am Ufer\u201c. Auch dazu im folgenden ein paar Bilder.<\/p>\n<div id='gallery-1' class='gallery galleryid-425 gallery-columns-5 gallery-size-thumbnail'><figure class='gallery-item'>\n\t\t\t<div class='gallery-icon landscape'>\n\t\t\t\t<a href='https:\/\/www.animationsfilm.de\/wp-content\/uploads\/2009\/07\/03_germaniawurst.jpg'><img loading=\"lazy\" decoding=\"async\" width=\"150\" height=\"150\" src=\"https:\/\/www.animationsfilm.de\/wp-content\/uploads\/2009\/07\/03_germaniawurst-150x150.jpg\" class=\"attachment-thumbnail size-thumbnail\" alt=\"\" aria-describedby=\"gallery-1-430\" \/><\/a>\n\t\t\t<\/div>\n\t\t\t\t<figcaption class='wp-caption-text gallery-caption' id='gallery-1-430'>\n\t\t\t\tGermania Wurst dankt.\n\t\t\t\t<\/figcaption><\/figure><figure class='gallery-item'>\n\t\t\t<div class='gallery-icon portrait'>\n\t\t\t\t<a href='https:\/\/www.animationsfilm.de\/wp-content\/uploads\/2009\/07\/01_prem_felix.jpg'><img loading=\"lazy\" decoding=\"async\" width=\"150\" height=\"150\" src=\"https:\/\/www.animationsfilm.de\/wp-content\/uploads\/2009\/07\/01_prem_felix-150x150.jpg\" class=\"attachment-thumbnail size-thumbnail\" alt=\"\" srcset=\"https:\/\/www.animationsfilm.de\/wp-content\/uploads\/2009\/07\/01_prem_felix-150x150.jpg 150w, https:\/\/www.animationsfilm.de\/wp-content\/uploads\/2009\/07\/01_prem_felix-500x500.jpg 500w\" sizes=\"auto, (max-width: 150px) 100vw, 150px\" \/><\/a>\n\t\t\t<\/div><\/figure><figure class='gallery-item'>\n\t\t\t<div class='gallery-icon portrait'>\n\t\t\t\t<a href='https:\/\/www.animationsfilm.de\/wp-content\/uploads\/2009\/07\/02_prem_volker.jpg'><img loading=\"lazy\" decoding=\"async\" width=\"150\" height=\"150\" src=\"https:\/\/www.animationsfilm.de\/wp-content\/uploads\/2009\/07\/02_prem_volker-150x150.jpg\" class=\"attachment-thumbnail size-thumbnail\" alt=\"\" \/><\/a>\n\t\t\t<\/div><\/figure><figure class='gallery-item'>\n\t\t\t<div class='gallery-icon landscape'>\n\t\t\t\t<a href='https:\/\/www.animationsfilm.de\/wp-content\/uploads\/2009\/07\/03_germaniawurst1.jpg'><img loading=\"lazy\" decoding=\"async\" width=\"150\" height=\"150\" src=\"https:\/\/www.animationsfilm.de\/wp-content\/uploads\/2009\/07\/03_germaniawurst1-150x150.jpg\" class=\"attachment-thumbnail size-thumbnail\" alt=\"\" \/><\/a>\n\t\t\t<\/div><\/figure><figure class='gallery-item'>\n\t\t\t<div class='gallery-icon landscape'>\n\t\t\t\t<a href='https:\/\/www.animationsfilm.de\/wp-content\/uploads\/2009\/07\/04_prem_gregorvolker.jpg'><img loading=\"lazy\" decoding=\"async\" width=\"150\" height=\"150\" src=\"https:\/\/www.animationsfilm.de\/wp-content\/uploads\/2009\/07\/04_prem_gregorvolker-150x150.jpg\" class=\"attachment-thumbnail size-thumbnail\" alt=\"\" \/><\/a>\n\t\t\t<\/div><\/figure><figure class='gallery-item'>\n\t\t\t<div class='gallery-icon landscape'>\n\t\t\t\t<a href='https:\/\/www.animationsfilm.de\/wp-content\/uploads\/2009\/07\/05_prem_sonja.jpg'><img loading=\"lazy\" decoding=\"async\" width=\"150\" height=\"150\" src=\"https:\/\/www.animationsfilm.de\/wp-content\/uploads\/2009\/07\/05_prem_sonja-150x150.jpg\" class=\"attachment-thumbnail size-thumbnail\" alt=\"\" \/><\/a>\n\t\t\t<\/div><\/figure><figure class='gallery-item'>\n\t\t\t<div class='gallery-icon landscape'>\n\t\t\t\t<a href='https:\/\/www.animationsfilm.de\/wp-content\/uploads\/2009\/07\/06_prem_tawostc.jpg'><img loading=\"lazy\" decoding=\"async\" width=\"150\" height=\"150\" src=\"https:\/\/www.animationsfilm.de\/wp-content\/uploads\/2009\/07\/06_prem_tawostc-150x150.jpg\" class=\"attachment-thumbnail size-thumbnail\" alt=\"\" \/><\/a>\n\t\t\t<\/div><\/figure><figure class='gallery-item'>\n\t\t\t<div class='gallery-icon landscape'>\n\t\t\t\t<a href='https:\/\/www.animationsfilm.de\/wp-content\/uploads\/2009\/07\/07_prem_lied12.jpg'><img loading=\"lazy\" decoding=\"async\" width=\"150\" height=\"150\" src=\"https:\/\/www.animationsfilm.de\/wp-content\/uploads\/2009\/07\/07_prem_lied12-150x150.jpg\" class=\"attachment-thumbnail size-thumbnail\" alt=\"\" \/><\/a>\n\t\t\t<\/div><\/figure><figure class='gallery-item'>\n\t\t\t<div class='gallery-icon landscape'>\n\t\t\t\t<a href='https:\/\/www.animationsfilm.de\/wp-content\/uploads\/2009\/07\/08_prem_gregor.jpg'><img loading=\"lazy\" decoding=\"async\" width=\"150\" height=\"150\" src=\"https:\/\/www.animationsfilm.de\/wp-content\/uploads\/2009\/07\/08_prem_gregor-150x150.jpg\" class=\"attachment-thumbnail size-thumbnail\" alt=\"\" \/><\/a>\n\t\t\t<\/div><\/figure><figure class='gallery-item'>\n\t\t\t<div class='gallery-icon landscape'>\n\t\t\t\t<a href='https:\/\/www.animationsfilm.de\/wp-content\/uploads\/2009\/07\/09_wau_vero_.jpg'><img loading=\"lazy\" decoding=\"async\" width=\"150\" height=\"150\" src=\"https:\/\/www.animationsfilm.de\/wp-content\/uploads\/2009\/07\/09_wau_vero_-150x150.jpg\" class=\"attachment-thumbnail size-thumbnail\" alt=\"\" \/><\/a>\n\t\t\t<\/div><\/figure><figure class='gallery-item'>\n\t\t\t<div class='gallery-icon landscape'>\n\t\t\t\t<a href='https:\/\/www.animationsfilm.de\/wp-content\/uploads\/2009\/07\/10_wau_sonjavolker.jpg'><img loading=\"lazy\" decoding=\"async\" width=\"150\" height=\"150\" src=\"https:\/\/www.animationsfilm.de\/wp-content\/uploads\/2009\/07\/10_wau_sonjavolker-150x150.jpg\" class=\"attachment-thumbnail size-thumbnail\" alt=\"\" \/><\/a>\n\t\t\t<\/div><\/figure><figure class='gallery-item'>\n\t\t\t<div class='gallery-icon landscape'>\n\t\t\t\t<a href='https:\/\/www.animationsfilm.de\/wp-content\/uploads\/2009\/07\/11_wau_olafclaudia.jpg'><img loading=\"lazy\" decoding=\"async\" width=\"150\" height=\"150\" src=\"https:\/\/www.animationsfilm.de\/wp-content\/uploads\/2009\/07\/11_wau_olafclaudia-150x150.jpg\" class=\"attachment-thumbnail size-thumbnail\" alt=\"\" \/><\/a>\n\t\t\t<\/div><\/figure><figure class='gallery-item'>\n\t\t\t<div class='gallery-icon landscape'>\n\t\t\t\t<a href='https:\/\/www.animationsfilm.de\/wp-content\/uploads\/2009\/07\/12_wau_gregor.jpg'><img loading=\"lazy\" decoding=\"async\" width=\"150\" height=\"150\" src=\"https:\/\/www.animationsfilm.de\/wp-content\/uploads\/2009\/07\/12_wau_gregor-150x150.jpg\" class=\"attachment-thumbnail size-thumbnail\" alt=\"\" \/><\/a>\n\t\t\t<\/div><\/figure><figure class='gallery-item'>\n\t\t\t<div class='gallery-icon landscape'>\n\t\t\t\t<a href='https:\/\/www.animationsfilm.de\/wp-content\/uploads\/2009\/07\/13_wau_felix.jpg'><img loading=\"lazy\" decoding=\"async\" width=\"150\" height=\"150\" src=\"https:\/\/www.animationsfilm.de\/wp-content\/uploads\/2009\/07\/13_wau_felix-150x150.jpg\" class=\"attachment-thumbnail size-thumbnail\" alt=\"\" \/><\/a>\n\t\t\t<\/div><\/figure><figure class='gallery-item'>\n\t\t\t<div class='gallery-icon landscape'>\n\t\t\t\t<a href='https:\/\/www.animationsfilm.de\/wp-content\/uploads\/2009\/07\/14_wau_rosangelamaxim.jpg'><img loading=\"lazy\" decoding=\"async\" width=\"150\" height=\"150\" src=\"https:\/\/www.animationsfilm.de\/wp-content\/uploads\/2009\/07\/14_wau_rosangelamaxim-150x150.jpg\" class=\"attachment-thumbnail size-thumbnail\" alt=\"\" \/><\/a>\n\t\t\t<\/div><\/figure><figure class='gallery-item'>\n\t\t\t<div class='gallery-icon landscape'>\n\t\t\t\t<a href='https:\/\/www.animationsfilm.de\/wp-content\/uploads\/2009\/07\/15_wau_gruppemilen.jpg'><img loading=\"lazy\" decoding=\"async\" width=\"150\" height=\"150\" src=\"https:\/\/www.animationsfilm.de\/wp-content\/uploads\/2009\/07\/15_wau_gruppemilen-150x150.jpg\" class=\"attachment-thumbnail size-thumbnail\" alt=\"\" \/><\/a>\n\t\t\t<\/div><\/figure>\n\t\t<\/div>\n\n","protected":false},"excerpt":{"rendered":"<p>Unter dem Titel \u201eAnimation unter Verdacht\u201c fand am Sonntag, den 28. Juni 2009 eine Premierenveranstaltung von \u00fcberwiegend studentischen Animationsfilmen aus dem Umkreis der HFF Potsdam Babelsberg im Kino Arsenal in Berlin statt. Durch das Programm f\u00fchrte Felix Reifschneider. In seiner Ansprache hob er hervor, dass es sich bei den Filmen um Teampremieren handelt und die [&hellip;]<\/p>\n","protected":false},"author":2,"featured_media":387,"comment_status":"open","ping_status":"open","sticky":false,"template":"","format":"standard","meta":{"footnotes":""},"categories":[55],"tags":[15,30,26,22,29,53,24,28,16,20,27,14,54,25,23],"class_list":["post-425","post","type-post","status-publish","format-standard","has-post-thumbnail","hentry","category-animation-action","tag-animationsfilm","tag-animationsfilmpremiere","tag-anna-samoylovich","tag-arsenal","tag-berlin","tag-felix-reifschneider","tag-gregor-dashuber","tag-katharina-niedermeier","tag-markus-wende","tag-premiere","tag-sonja-rohleder","tag-the-animators-way-of-surviving-the-crisis","tag-trickfilm","tag-verokinka-samartseva","tag-volker-schlecht","has-thumbnail"],"_links":{"self":[{"href":"https:\/\/www.animationsfilm.de\/index.php?rest_route=\/wp\/v2\/posts\/425","targetHints":{"allow":["GET"]}}],"collection":[{"href":"https:\/\/www.animationsfilm.de\/index.php?rest_route=\/wp\/v2\/posts"}],"about":[{"href":"https:\/\/www.animationsfilm.de\/index.php?rest_route=\/wp\/v2\/types\/post"}],"author":[{"embeddable":true,"href":"https:\/\/www.animationsfilm.de\/index.php?rest_route=\/wp\/v2\/users\/2"}],"replies":[{"embeddable":true,"href":"https:\/\/www.animationsfilm.de\/index.php?rest_route=%2Fwp%2Fv2%2Fcomments&post=425"}],"version-history":[{"count":10,"href":"https:\/\/www.animationsfilm.de\/index.php?rest_route=\/wp\/v2\/posts\/425\/revisions"}],"predecessor-version":[{"id":2206,"href":"https:\/\/www.animationsfilm.de\/index.php?rest_route=\/wp\/v2\/posts\/425\/revisions\/2206"}],"wp:featuredmedia":[{"embeddable":true,"href":"https:\/\/www.animationsfilm.de\/index.php?rest_route=\/wp\/v2\/media\/387"}],"wp:attachment":[{"href":"https:\/\/www.animationsfilm.de\/index.php?rest_route=%2Fwp%2Fv2%2Fmedia&parent=425"}],"wp:term":[{"taxonomy":"category","embeddable":true,"href":"https:\/\/www.animationsfilm.de\/index.php?rest_route=%2Fwp%2Fv2%2Fcategories&post=425"},{"taxonomy":"post_tag","embeddable":true,"href":"https:\/\/www.animationsfilm.de\/index.php?rest_route=%2Fwp%2Fv2%2Ftags&post=425"}],"curies":[{"name":"wp","href":"https:\/\/api.w.org\/{rel}","templated":true}]}}